{"id":8,"date":"2012-09-14T02:33:49","date_gmt":"2012-09-14T02:33:49","guid":{"rendered":"http:\/\/0aps.zzl.org\/blog\/?p=8"},"modified":"2018-01-03T23:33:41","modified_gmt":"2018-01-03T23:33:41","slug":"esta-vez-si-o-todavia-me-haras-seguir-esperando","status":"publish","type":"post","link":"https:\/\/0aps.me\/blog\/2012\/09\/14\/esta-vez-si-o-todavia-me-haras-seguir-esperando\/","title":{"rendered":"\u00bfEsta vez s\u00ed, o todav\u00eda me har\u00e1s seguir esperando?"},"content":{"rendered":"<p>Todav\u00eda recuerdo la \u00faltima vez que quise escribir. Ha pasado mucho tiempo desde la primera vez que sub\u00ed un cms a un servidor ftp p\u00fablico en sinton\u00eda de emprender mi propio proyecto personal, de obtener ese espacio limitado en donde yo y mis pensamientos comparten puestos &#8230; de abrir mi propio blog.<\/p>\n<p>Como siempre sentado frente a la pantalla del monitor con la luz de \u00e9ste reflej\u00e1ndose sobre mi cara, despu\u00e9s de tantos a\u00f1os, vuelvo a intentar competir en la carrera. No s\u00e9 si ser\u00e1 otras de esas veces en donde se me revuelcan las venas de escritor y a los d\u00edas termino por dejarlo a un lado o si por fin podr\u00e9 renunciar a mi autocomplacencia y abordar el reto. No lo s\u00e9, y, diferente a otras veces no prentendo hacer promesas que no cumplir\u00e9, tampoco intentar\u00e9 hacer de este espacio un lugar ambicioso, s\u00f3lamente quiero escribir, de lo que sea, no importa el tema.<\/p>\n<p>Voy a intentar hacer de esto un diario personal m\u00e1s, en donde me relatar\u00e9 mis problemas a m\u00ed mismo y dejar\u00e9 de enga\u00f1arme pensando que tengo la respuesta a mis problemas (aunq a veces si la tengo), ojal\u00e1 y esto me ayude a encontrarla. Para una persona con mi personalidad ( dif\u00edcil defini\u00e9ndose ) resulta extremandamente complicado el hablar de si mismo, debo admitir que me resulta un poco intimidante que estos escritos se hagan p\u00fablicos, pero independientemente de eso, tratar\u00e9 de divertirme escribiendo : )<\/p>\n<p>&nbsp;<\/p>\n<p>Hasta aqu\u00ed por ahora, me ha tomado un buen rato el hacer estos tres p\u00e1rrafos, sigo sin serme honesto y con dificultad prar expresarme abiertamente. Lo apuntar\u00e9 en las cosas a mejorar.<\/p>\n<p>&nbsp;<\/p>\n<p>&nbsp;<\/p>\n","protected":false},"excerpt":{"rendered":"<p>Todav\u00eda recuerdo la \u00faltima vez que quise escribir. Ha pasado mucho tiempo desde la primera vez que sub\u00ed un cms a un servidor ftp p\u00fablico en sinton\u00eda de emprender mi propio proyecto personal, de obtener ese espacio limitado en donde yo y mis pensamientos comparten puestos &#8230; de abrir mi propio blog. Como siempre sentado [&hellip;]<\/p>\n","protected":false},"author":1,"featured_media":0,"comment_status":"open","ping_status":"closed","sticky":false,"template":"","format":"standard","meta":{"_acf_changed":false,"footnotes":""},"categories":[4],"tags":[38],"class_list":["post-8","post","type-post","status-publish","format-standard","hentry","category-others","tag-presentacion"],"acf":[],"_links":{"self":[{"href":"https:\/\/0aps.me\/blog\/wp-json\/wp\/v2\/posts\/8","targetHints":{"allow":["GET"]}}],"collection":[{"href":"https:\/\/0aps.me\/blog\/wp-json\/wp\/v2\/posts"}],"about":[{"href":"https:\/\/0aps.me\/blog\/wp-json\/wp\/v2\/types\/post"}],"author":[{"embeddable":true,"href":"https:\/\/0aps.me\/blog\/wp-json\/wp\/v2\/users\/1"}],"replies":[{"embeddable":true,"href":"https:\/\/0aps.me\/blog\/wp-json\/wp\/v2\/comments?post=8"}],"version-history":[{"count":3,"href":"https:\/\/0aps.me\/blog\/wp-json\/wp\/v2\/posts\/8\/revisions"}],"predecessor-version":[{"id":10,"href":"https:\/\/0aps.me\/blog\/wp-json\/wp\/v2\/posts\/8\/revisions\/10"}],"wp:attachment":[{"href":"https:\/\/0aps.me\/blog\/wp-json\/wp\/v2\/media?parent=8"}],"wp:term":[{"taxonomy":"category","embeddable":true,"href":"https:\/\/0aps.me\/blog\/wp-json\/wp\/v2\/categories?post=8"},{"taxonomy":"post_tag","embeddable":true,"href":"https:\/\/0aps.me\/blog\/wp-json\/wp\/v2\/tags?post=8"}],"curies":[{"name":"wp","href":"https:\/\/api.w.org\/{rel}","templated":true}]}}